{"id":1829,"date":"2024-10-09T14:23:21","date_gmt":"2024-10-09T17:23:21","guid":{"rendered":"https:\/\/www.brde.com.br\/palacete\/?p=1829"},"modified":"2024-10-09T14:28:56","modified_gmt":"2024-10-09T17:28:56","slug":"elementor-1829","status":"publish","type":"post","link":"https:\/\/brde.com.br\/palacete\/elementor-1829\/","title":{"rendered":"Resultado do Edital de Ocupa\u00e7\u00e3o"},"content":{"rendered":"\n<p>O Espa\u00e7o Cultural BRDE &#8211; Palacete dos Le\u00f5es divulgou nesta quarta-feira (09) os selecionados no Edital de Ocupa\u00e7\u00e3o 2024 e 2025, que encerrou dia 31 de agosto.\tO edital teve o intuito de selecionar exposi\u00e7\u00f5es tempor\u00e1rias nas diversas \u00e1reas das Artes Visuais, com abrang\u00eancia em pintura, desenho, gravura, fotografia, design, artes gr\u00e1ficas e outras formas de express\u00e3o art\u00edstica que promovam o encontro e o di\u00e1logo entre a arte e o p\u00fablico local.<\/p>\n<p>As propostas selecionadas integrar\u00e3o o calend\u00e1rio de exposi\u00e7\u00f5es de 2024 e 2025 do espa\u00e7o. A comiss\u00e3o julgadora foi formada por Carolina Loch, diretora de Implanta\u00e7\u00e3o do Museu Internacional de Arte de Foz do Igua\u00e7u, Paulo Marques, representante do BRDE, e Kathia Bello e Mariana Bernal, da equipe do Espa\u00e7o Cultural BRDE.<\/p>\n<p>De acordo com os crit\u00e9rios dispostos no edital e a metodologia desenvolvida para a sele\u00e7\u00e3o, todos os projetos foram avaliados por cada um dos membros da comiss\u00e3o, que pontuou a originalidade, qualidade t\u00e9cnica e contemporaneidade, est\u00edmulo ao conhecimento e \u00e0 valoriza\u00e7\u00e3o da pluralidade cultural e o ineditismo do projeto proposto.<\/p>\n<p>Outro aspecto analisado foi a adequa\u00e7\u00e3o da proposta \u00e0s instala\u00e7\u00f5es do Espa\u00e7o Cultural BRDE \u2013 Palacete dos Le\u00f5es, considerando as caracter\u00edsticas do local, a integridade de seus espa\u00e7os e a converg\u00eancia \u00e0 imagem institucional do BRDE.<\/p>\n<p>Esclarecimentos e mais informa\u00e7\u00f5es poder\u00e3o ser solicitados junto \u00e0 Coordena\u00e7\u00e3o do Espa\u00e7o Cultural BRDE \u2013 Palacete dos Le\u00f5es, pelo e-mail palacete@brde.com.br.<\/p>\n<p>Confira as sete propostas selecionadas:<\/p>\n<p>Proposta: Levarei Saudades da Aurora<\/p>\n<p>A<b>lexandre Puigventos Frangioni<\/b><\/p>\n<p>Proposta: Pensamento-Paisagem<\/p>\n<p>G<b>abriela Stragliotto<\/b><\/p>\n<p>Proposta: Misancene<\/p>\n<p><b>Guilherme Soffi<\/b><\/p>\n<p><b>Helena Sofia<\/b><\/p>\n<p><b>Marianna Pizzatto<\/b><\/p>\n<p><b>Nina Miyamoto<\/b><\/p>\n<p>Proposta: Casa Mundo, das formas de coabitar<\/p>\n<p>I<b>sabela Picheth<\/b><\/p>\n<p><b>Nicole Christine<\/b><\/p>\n<p><b>Patt Mattos<\/b><\/p>\n<p><b>Priscilla Durigan<\/b><\/p>\n<p>Proposta: Poemas Multim\u00eddia<\/p>\n<p><b>Paulo Aquarone<\/b><\/p>\n<p>Proposta: Transfigura\u00e7\u00e3o da forma<\/p>\n<p><b>Mozileide Neri<\/b><\/p>\n<p>Proposta: Arqueira<\/p>\n<p><b>Vini Maia<\/b><\/p>\n","protected":false},"excerpt":{"rendered":"<p>O Espa\u00e7o Cultural BRDE &#8211; Palacete dos Le\u00f5es divulgou nesta quarta-feira (09) os selecionados no Edital de Ocupa\u00e7\u00e3o 2024 e 2025, que encerrou dia 31 de agosto. O edital teve [&hellip;]<\/p>\n","protected":false},"author":5,"featured_media":0,"comment_status":"open","ping_status":"open","sticky":false,"template":"","format":"standard","meta":{"footnotes":""},"categories":[1],"tags":[],"class_list":["post-1829","post","type-post","status-publish","format-standard","hentry","category-1"],"_links":{"self":[{"href":"https:\/\/brde.com.br\/palacete\/wp-json\/wp\/v2\/posts\/1829"}],"collection":[{"href":"https:\/\/brde.com.br\/palacete\/wp-json\/wp\/v2\/posts"}],"about":[{"href":"https:\/\/brde.com.br\/palacete\/wp-json\/wp\/v2\/types\/post"}],"author":[{"embeddable":true,"href":"https:\/\/brde.com.br\/palacete\/wp-json\/wp\/v2\/users\/5"}],"replies":[{"embeddable":true,"href":"https:\/\/brde.com.br\/palacete\/wp-json\/wp\/v2\/comments?post=1829"}],"version-history":[{"count":10,"href":"https:\/\/brde.com.br\/palacete\/wp-json\/wp\/v2\/posts\/1829\/revisions"}],"predecessor-version":[{"id":1839,"href":"https:\/\/brde.com.br\/palacete\/wp-json\/wp\/v2\/posts\/1829\/revisions\/1839"}],"wp:attachment":[{"href":"https:\/\/brde.com.br\/palacete\/wp-json\/wp\/v2\/media?parent=1829"}],"wp:term":[{"taxonomy":"category","embeddable":true,"href":"https:\/\/brde.com.br\/palacete\/wp-json\/wp\/v2\/categories?post=1829"},{"taxonomy":"post_tag","embeddable":true,"href":"https:\/\/brde.com.br\/palacete\/wp-json\/wp\/v2\/tags?post=1829"}],"curies":[{"name":"wp","href":"https:\/\/api.w.org\/{rel}","templated":true}]}}