{"id":1700,"date":"2024-09-24T17:33:03","date_gmt":"2024-09-24T20:33:03","guid":{"rendered":"https:\/\/www.brde.com.br\/palacete\/?p=1700"},"modified":"2024-10-02T17:44:43","modified_gmt":"2024-10-02T20:44:43","slug":"1700-2","status":"publish","type":"post","link":"https:\/\/brde.com.br\/palacete\/1700-2\/","title":{"rendered":"Entre luz e sombras: a po\u00e9tica de Antonio Malta Campos"},"content":{"rendered":"\t\t<div data-elementor-type=\"wp-post\" data-elementor-id=\"1700\" class=\"elementor elementor-1700\" data-elementor-post-type=\"post\">\n\t\t\t\t\t\t<section class=\"elementor-section elementor-top-section elementor-element elementor-element-443c20e elementor-section-boxed elementor-section-height-default elementor-section-height-default\" data-id=\"443c20e\" data-element_type=\"section\">\n\t\t\t\t\t\t<div class=\"elementor-container elementor-column-gap-default\">\n\t\t\t\t\t<div class=\"elementor-column elementor-col-100 elementor-top-column elementor-element elementor-element-f680f04\" data-id=\"f680f04\" data-element_type=\"column\">\n\t\t\t<div class=\"elementor-widget-wrap elementor-element-populated\">\n\t\t\t\t\t\t<div class=\"elementor-element elementor-element-3f8c511 elementor-widget elementor-widget-heading\" data-id=\"3f8c511\" data-element_type=\"widget\" data-widget_type=\"heading.default\">\n\t\t\t\t<div class=\"elementor-widget-container\">\n\t\t\t<h2 class=\"elementor-heading-title elementor-size-default\"><span style=\"font-family: var( --e-global-typography-primary-font-family ), Sans-serif;font-size: 2rem;font-weight: var( --e-global-typography-primary-font-weight )\">03 a 25 de outubro<\/span><\/h2>\t\t<\/div>\n\t\t\t\t<\/div>\n\t\t\t\t<div class=\"elementor-element elementor-element-adf996c elementor-widget elementor-widget-text-editor\" data-id=\"adf996c\" data-element_type=\"widget\" data-widget_type=\"text-editor.default\">\n\t\t\t\t<div class=\"elementor-widget-container\">\n\t\t\t\t\t\t\t<p>O Espa\u00e7o Cultural BRDE &#8211; Palacete dos Le\u00f5es abre exposi\u00e7\u00e3o do artista Antonio Malta Campos, mestre das Artes Visuais, a partir das 18 horas dessa quinta-feira (03). A mostra individual intitulada \u201c<b>Entre luz e sombras: a po\u00e9tica de Antonio Malta Campos<\/b>\u201d,com curadoria de Mariane Beline, apresenta um recorte da produ\u00e7\u00e3o do artista ao longo de seus 40 anos de produ\u00e7\u00e3o, incluindo obras em aquarela, \u00f3leo sobre tela e assemblages, \u201cA minha l\u00f3gica \u00e9 n\u00e3o ter l\u00f3gica\u201d diz o artista. A mostra fica aberta ao p\u00fablico at\u00e9 25 de outubro e conta com apoio da galeria Sim\u00f5es de Assis.<\/p><p><span style=\"font-family: var( --e-global-typography-text-font-family ), Sans-serif; font-weight: var( --e-global-typography-text-font-weight ); font-size: 1rem;\">A po\u00e9tica ativa e o processo que multiplica e pulveriza o pensamento de Malta pode ser notado na s\u00e9rie \u201cMisturinhas\u201d, presente em uma parede com quarenta trabalhos na exposi\u00e7\u00e3o. \u201cDeparamo-nos com tra\u00e7os desinibidos de l\u00e1pis ou nanquim aderidas a interven\u00e7\u00f5es, como recortes, colagens, adesivos, acr\u00edlica e \u00f3leo, demonstrando a profusa capacidade produtiva do artista, em um jogo visual que convida os espectadores a se encantarem com a amplitude criativa da investiga\u00e7\u00e3o formal\u201d, escreve Mariane Beline.<\/span><\/p><p><span style=\"font-family: var( --e-global-typography-text-font-family ), Sans-serif; font-weight: var( --e-global-typography-text-font-weight ); font-size: 1rem;\">Para a coordenadora do Espa\u00e7o Cultural BRDE, Mariana Bernal, \u201ca presen\u00e7a de Malta no Palacete dos Le\u00f5es estabelece um di\u00e1logo entre contemporaneidade e patrim\u00f4nio hist\u00f3rico, enriquecendo a experi\u00eancia cultural do p\u00fablico\u201d.<\/span><\/p><p><span style=\"font-family: var( --e-global-typography-text-font-family ), Sans-serif; font-size: 1rem;\"><b>SOBRE O ARTISTA<\/b><\/span><span style=\"font-family: var( --e-global-typography-text-font-family ), Sans-serif; font-weight: var( --e-global-typography-text-font-weight ); font-size: 1rem;\">\u00a0 &#8211;\u00a0<\/span><span style=\"font-family: var( --e-global-typography-text-font-family ), Sans-serif; font-weight: var( --e-global-typography-text-font-weight ); font-size: 1rem;\">Antonio Malta Campos, paulistano celebrado pela Gera\u00e7\u00e3o 80, o artista explora em seus trabalhos inquieta\u00e7\u00f5es da forma e do meio pict\u00f3rico, que se cruzam e se dilatam, a partir dos seus conhecimentos e estudos, nos v\u00e1rios suportes e t\u00e9cnicas. Em seus 40 anos de trajet\u00f3ria, o artista desenvolveu a pintura em suas diversas facetas, seja na aquarela, na tinta a \u00f3leo ou em assemblages. Malta \u00e9 pintor, gravador, desenhista e Mestre em Artes Visuais pela Universidade Federal do Rio de Janeiro, vive e trabalha atualmente em S\u00e3o Paulo.<\/span><\/p><p>\u00a0<\/p><p><b>ESPA\u00c7O CULTURAL BRDE<\/b> &#8211;\u00a0<span style=\"font-family: var( --e-global-typography-text-font-family ), Sans-serif; font-weight: var( --e-global-typography-text-font-weight ); font-size: 1rem;\">Mantido pelo Banco Regional de Desenvolvimento do Extremo Sul (BRDE), o Espa\u00e7o Cultural BRDE &#8211; Palacete dos Le\u00f5es tem como tem como miss\u00e3o fomentar a sensibiliza\u00e7\u00e3o e participa\u00e7\u00e3o de artistas e da comunidade na vida cultural da cidade, garantindo acesso gratuito \u00e0 arte e \u00e0 cultura. Ao longo do ano, o espa\u00e7o realiza exposi\u00e7\u00f5es que refletem a diversidade e a riqueza da produ\u00e7\u00e3o art\u00edstica e pr\u00e1ticas contempor\u00e2neas.<\/span><\/p>\t\t\t\t\t\t<\/div>\n\t\t\t\t<\/div>\n\t\t\t\t\t<\/div>\n\t\t<\/div>\n\t\t\t\t\t<\/div>\n\t\t<\/section>\n\t\t\t\t<section class=\"elementor-section elementor-top-section elementor-element elementor-element-42ea596 elementor-section-boxed elementor-section-height-default elementor-section-height-default\" data-id=\"42ea596\" data-element_type=\"section\">\n\t\t\t\t\t\t<div class=\"elementor-container elementor-column-gap-default\">\n\t\t\t\t\t<div class=\"elementor-column elementor-col-20 elementor-top-column elementor-element elementor-element-6cf3441\" data-id=\"6cf3441\" data-element_type=\"column\">\n\t\t\t<div class=\"elementor-widget-wrap elementor-element-populated\">\n\t\t\t\t\t\t<div class=\"elementor-element elementor-element-7b4e2ac elementor-widget elementor-widget-image\" data-id=\"7b4e2ac\" data-element_type=\"widget\" data-widget_type=\"image.default\">\n\t\t\t\t<div class=\"elementor-widget-container\">\n\t\t\t\t\t\t\t\t\t\t\t\t\t<img fetchpriority=\"high\" decoding=\"async\" width=\"800\" height=\"718\" src=\"https:\/\/brde.com.br\/palacete\/wp-content\/uploads\/2024\/10\/11863-1024x919.jpg\" class=\"attachment-large size-large wp-image-1800\" alt=\"\" srcset=\"https:\/\/brde.com.br\/palacete\/wp-content\/uploads\/2024\/10\/11863-1024x919.jpg 1024w, https:\/\/brde.com.br\/palacete\/wp-content\/uploads\/2024\/10\/11863-300x269.jpg 300w, https:\/\/brde.com.br\/palacete\/wp-content\/uploads\/2024\/10\/11863-768x689.jpg 768w, https:\/\/brde.com.br\/palacete\/wp-content\/uploads\/2024\/10\/11863-1536x1379.jpg 1536w, https:\/\/brde.com.br\/palacete\/wp-content\/uploads\/2024\/10\/11863-2048x1838.jpg 2048w\" sizes=\"(max-width: 800px) 100vw, 800px\" \/>\t\t\t\t\t\t\t\t\t\t\t\t\t<\/div>\n\t\t\t\t<\/div>\n\t\t\t\t\t<\/div>\n\t\t<\/div>\n\t\t\t\t<div class=\"elementor-column elementor-col-20 elementor-top-column elementor-element elementor-element-f9a589a\" data-id=\"f9a589a\" data-element_type=\"column\">\n\t\t\t<div class=\"elementor-widget-wrap elementor-element-populated\">\n\t\t\t\t\t\t<div class=\"elementor-element elementor-element-340ec5c elementor-widget elementor-widget-image\" data-id=\"340ec5c\" data-element_type=\"widget\" data-widget_type=\"image.default\">\n\t\t\t\t<div class=\"elementor-widget-container\">\n\t\t\t\t\t\t\t\t\t\t\t\t\t<img decoding=\"async\" width=\"400\" height=\"300\" src=\"https:\/\/brde.com.br\/palacete\/wp-content\/uploads\/2024\/10\/1.jpg\" class=\"attachment-large size-large wp-image-1730\" alt=\"\" srcset=\"https:\/\/brde.com.br\/palacete\/wp-content\/uploads\/2024\/10\/1.jpg 400w, https:\/\/brde.com.br\/palacete\/wp-content\/uploads\/2024\/10\/1-300x225.jpg 300w\" sizes=\"(max-width: 400px) 100vw, 400px\" \/>\t\t\t\t\t\t\t\t\t\t\t\t\t<\/div>\n\t\t\t\t<\/div>\n\t\t\t\t\t<\/div>\n\t\t<\/div>\n\t\t\t\t<div class=\"elementor-column elementor-col-20 elementor-top-column elementor-element elementor-element-9e84401\" data-id=\"9e84401\" data-element_type=\"column\">\n\t\t\t<div class=\"elementor-widget-wrap elementor-element-populated\">\n\t\t\t\t\t\t<div class=\"elementor-element elementor-element-8df850e elementor-widget elementor-widget-image\" data-id=\"8df850e\" data-element_type=\"widget\" data-widget_type=\"image.default\">\n\t\t\t\t<div class=\"elementor-widget-container\">\n\t\t\t\t\t\t\t\t\t\t\t\t\t<img decoding=\"async\" width=\"676\" height=\"1024\" src=\"https:\/\/brde.com.br\/palacete\/wp-content\/uploads\/2024\/10\/2132-676x1024.jpg\" class=\"attachment-large size-large wp-image-1796\" alt=\"\" srcset=\"https:\/\/brde.com.br\/palacete\/wp-content\/uploads\/2024\/10\/2132-676x1024.jpg 676w, https:\/\/brde.com.br\/palacete\/wp-content\/uploads\/2024\/10\/2132-198x300.jpg 198w, https:\/\/brde.com.br\/palacete\/wp-content\/uploads\/2024\/10\/2132-768x1163.jpg 768w, https:\/\/brde.com.br\/palacete\/wp-content\/uploads\/2024\/10\/2132-1014x1536.jpg 1014w, https:\/\/brde.com.br\/palacete\/wp-content\/uploads\/2024\/10\/2132-1352x2048.jpg 1352w, https:\/\/brde.com.br\/palacete\/wp-content\/uploads\/2024\/10\/2132-scaled.jpg 1690w\" sizes=\"(max-width: 676px) 100vw, 676px\" \/>\t\t\t\t\t\t\t\t\t\t\t\t\t<\/div>\n\t\t\t\t<\/div>\n\t\t\t\t\t<\/div>\n\t\t<\/div>\n\t\t\t\t<div class=\"elementor-column elementor-col-20 elementor-top-column elementor-element elementor-element-ec72f51\" data-id=\"ec72f51\" data-element_type=\"column\">\n\t\t\t<div class=\"elementor-widget-wrap elementor-element-populated\">\n\t\t\t\t\t\t<div class=\"elementor-element elementor-element-22db343 elementor-widget elementor-widget-image\" data-id=\"22db343\" data-element_type=\"widget\" data-widget_type=\"image.default\">\n\t\t\t\t<div class=\"elementor-widget-container\">\n\t\t\t\t\t\t\t\t\t\t\t\t\t<img loading=\"lazy\" decoding=\"async\" width=\"800\" height=\"985\" src=\"https:\/\/brde.com.br\/palacete\/wp-content\/uploads\/2024\/10\/16580-832x1024.jpg\" class=\"attachment-large size-large wp-image-1789\" alt=\"\" srcset=\"https:\/\/brde.com.br\/palacete\/wp-content\/uploads\/2024\/10\/16580-832x1024.jpg 832w, https:\/\/brde.com.br\/palacete\/wp-content\/uploads\/2024\/10\/16580-244x300.jpg 244w, https:\/\/brde.com.br\/palacete\/wp-content\/uploads\/2024\/10\/16580-768x945.jpg 768w, https:\/\/brde.com.br\/palacete\/wp-content\/uploads\/2024\/10\/16580-1248x1536.jpg 1248w, https:\/\/brde.com.br\/palacete\/wp-content\/uploads\/2024\/10\/16580.jpg 1664w\" sizes=\"(max-width: 800px) 100vw, 800px\" \/>\t\t\t\t\t\t\t\t\t\t\t\t\t<\/div>\n\t\t\t\t<\/div>\n\t\t\t\t\t<\/div>\n\t\t<\/div>\n\t\t\t\t<div class=\"elementor-column elementor-col-20 elementor-top-column elementor-element elementor-element-38af0a9\" data-id=\"38af0a9\" data-element_type=\"column\">\n\t\t\t<div class=\"elementor-widget-wrap elementor-element-populated\">\n\t\t\t\t\t\t<div class=\"elementor-element elementor-element-ecb6ced elementor-widget elementor-widget-image\" data-id=\"ecb6ced\" data-element_type=\"widget\" data-widget_type=\"image.default\">\n\t\t\t\t<div class=\"elementor-widget-container\">\n\t\t\t\t\t\t\t\t\t\t\t\t\t<img loading=\"lazy\" decoding=\"async\" width=\"800\" height=\"993\" src=\"https:\/\/brde.com.br\/palacete\/wp-content\/uploads\/2024\/10\/16578-825x1024.jpg\" class=\"attachment-large size-large wp-image-1787\" alt=\"\" srcset=\"https:\/\/brde.com.br\/palacete\/wp-content\/uploads\/2024\/10\/16578-825x1024.jpg 825w, https:\/\/brde.com.br\/palacete\/wp-content\/uploads\/2024\/10\/16578-242x300.jpg 242w, https:\/\/brde.com.br\/palacete\/wp-content\/uploads\/2024\/10\/16578-768x954.jpg 768w, https:\/\/brde.com.br\/palacete\/wp-content\/uploads\/2024\/10\/16578-1237x1536.jpg 1237w, https:\/\/brde.com.br\/palacete\/wp-content\/uploads\/2024\/10\/16578.jpg 1649w\" sizes=\"(max-width: 800px) 100vw, 800px\" \/>\t\t\t\t\t\t\t\t\t\t\t\t\t<\/div>\n\t\t\t\t<\/div>\n\t\t\t\t\t<\/div>\n\t\t<\/div>\n\t\t\t\t\t<\/div>\n\t\t<\/section>\n\t\t\t\t<\/div>\n\t\t","protected":false},"excerpt":{"rendered":"<p>03 a 25 de outubro O Espa\u00e7o Cultural BRDE &#8211; Palacete dos Le\u00f5es abre exposi\u00e7\u00e3o do artista Antonio Malta Campos, mestre das Artes Visuais, a partir das 18 horas dessa [&hellip;]<\/p>\n","protected":false},"author":5,"featured_media":0,"comment_status":"open","ping_status":"open","sticky":false,"template":"","format":"standard","meta":{"footnotes":""},"categories":[1],"tags":[],"class_list":["post-1700","post","type-post","status-publish","format-standard","hentry","category-1"],"_links":{"self":[{"href":"https:\/\/brde.com.br\/palacete\/wp-json\/wp\/v2\/posts\/1700"}],"collection":[{"href":"https:\/\/brde.com.br\/palacete\/wp-json\/wp\/v2\/posts"}],"about":[{"href":"https:\/\/brde.com.br\/palacete\/wp-json\/wp\/v2\/types\/post"}],"author":[{"embeddable":true,"href":"https:\/\/brde.com.br\/palacete\/wp-json\/wp\/v2\/users\/5"}],"replies":[{"embeddable":true,"href":"https:\/\/brde.com.br\/palacete\/wp-json\/wp\/v2\/comments?post=1700"}],"version-history":[{"count":16,"href":"https:\/\/brde.com.br\/palacete\/wp-json\/wp\/v2\/posts\/1700\/revisions"}],"predecessor-version":[{"id":1804,"href":"https:\/\/brde.com.br\/palacete\/wp-json\/wp\/v2\/posts\/1700\/revisions\/1804"}],"wp:attachment":[{"href":"https:\/\/brde.com.br\/palacete\/wp-json\/wp\/v2\/media?parent=1700"}],"wp:term":[{"taxonomy":"category","embeddable":true,"href":"https:\/\/brde.com.br\/palacete\/wp-json\/wp\/v2\/categories?post=1700"},{"taxonomy":"post_tag","embeddable":true,"href":"https:\/\/brde.com.br\/palacete\/wp-json\/wp\/v2\/tags?post=1700"}],"curies":[{"name":"wp","href":"https:\/\/api.w.org\/{rel}","templated":true}]}}